{"id":561,"date":"2014-05-08T22:25:59","date_gmt":"2014-05-08T22:25:59","guid":{"rendered":"http:\/\/www.myskinvision.it\/?p=561"},"modified":"2014-05-08T22:25:59","modified_gmt":"2014-05-08T22:25:59","slug":"elisabeth-arden-fa-gola-ai-sud-coreani-e-loreal-acquisisce-carita-e-decleor","status":"publish","type":"post","link":"https:\/\/www.myskinvision.com\/?p=561","title":{"rendered":"Elizabeth Arden fa gola ai sud coreani e L\u2019Or\u00e9al acquisisce Carita e Decl\u00e8or."},"content":{"rendered":"<p><span style=\"font-size: 14px; color: #333333;\">Prosegue la <strong>crisi delle vendite per la Elizabeth Arden<\/strong> documentata dai dati presentati a met\u00e0 maggio circa i risultati del terzo trimestre fiscale 2014 ancora in calo. Il prestigioso <strong>marchio internazionale dei prodotti della bellezza, <\/strong>quotato anche in borsa, ha perso in quest\u2019ultimo periodo ben 84 centesimi per azione (contro i 2 centesimi dello scorso anno), nonostante un rialzo avvenuto all\u2019indomani dell\u2019annuncio da parte della <strong>Sud Coreana LG Household &amp; Healthcare<\/strong> Ltd., fatto alla fine di Aprile di voler acquisire il brand americano.<\/span><\/p>\n<p><span style=\"font-size: 14px; color: #333333;\">Dai vertici della <strong>Elizabeth Arden<\/strong> a questa notizia nessun commento, ma ancora oggi non sembra un\u2019ipotesi da escludere totalmente. Le vendite nette della societ\u00e0 si sono infatti attestate sui 210,8 milioni dollari, in diminuzione del 20,3% rispetto al trimestre dell&#8217;anno precedente.<\/span><\/p>\n<p><span style=\"font-size: 14px; color: #333333;\">La causa principale, oltre che nel crollo in borsa, va da ricercare nella <strong>diminuzione generale della domanda delle fragranz<\/strong>e, settore in cui il marchio americano ha sempre mantenuto un posto di punta: molti i negozi chiusi, soprattutto in Nord America <strong>e pochi lanci di nuove fragranze<\/strong>. Diminuite le vendite anche nel segmento internazionale dei profumi, anche a causa dei <strong>prezzi competitivi della concorrenza<\/strong>, di ben il 16%.<\/span><\/p>\n<p><span style=\"font-size: 14px; color: #333333;\">Dalla <strong>societ\u00e0 di prodotti di bellezza di lusso<\/strong> commentano i deludenti risultati trimestrali con la necessit\u00e0 di un piano di ristrutturazione e trasformazione di tutto il business anche con il lancio di nuovi prodotti. Recentissimi in questo senso sono la firma di un accordo della Elizabeth Arden\u00a0 con la stilista del marchio di moda, <strong><em>Wildfox Couture<\/em><\/strong> ed il lancio di una nuova fragranza, lo <strong>Yuzu,<\/strong> per la linea &#8220;<strong><em>Green Tea<\/em><\/strong>&#8221; di Elizabeth Arden.<\/span><\/p>\n<p><span style=\"font-size: 14px; color: #333333;\">Tutto ci\u00f2 sembra tener lontana, almeno al momento l\u2019ipotesi della acquisizione da parte della LG Household &amp; Healthcare, ma per una vendita che salta, altre se ne sono nel frattempo sviluppate, di importanti nel <strong>settore Beauty.<\/strong> E\u2019 il caso del <strong>gruppo francese L\u2019Or\u00e9al<\/strong> che ha rilevato dalla <strong>Shiseido <\/strong>i preziosi <strong>marchi Decl\u00e8or e Carita.<\/strong><\/span><\/p>\n<p><span style=\"font-size: 14px; color: #333333;\">I due brand, che equivalgono insieme a 100 milioni di euro di vendite e sono stati acquistati per 230 milioni, vengono integrati nella <strong>divisione dei prodotti professionali L\u2019Or\u00e9al<\/strong> la cui direzione internazionale \u00e8 stata affidata a Delphine Viguier \u2013Hovasse.<\/span><\/p>\n<p><span style=\"font-size: 14px; color: #333333;\">Ha spiegato An Verhulst-Santos, direttore generale della divisione: \u201c<em>L&#8217;expertise in aromaterapia di D\u00e9cleor, i prodotti di Carita e l&#8217;approccio olistico che questi due marchi hanno della bellezza rappresentano per noi elementi straordinari e preziosi. \u201c<\/em><\/span><\/p>\n<p><span style=\"font-size: 14px; color: #333333;\">In questo modo il gruppo francese, va ad arricchire e completare il proprio portafoglio di offerte in materia di <strong>Beauty professional<\/strong>: i capelli, con il suo marchio base attivo da pi\u00f9 di un secolo, il trattamento ed il colore delle unghie con la <strong>Essie <\/strong>ed ora anche la cura del viso e del corpo con Carita e D\u00e9cleor.<\/span><\/p>\n<p><span style=\"font-size: 14px; color: #333333;\">In Italia sar\u00e0 incorporata nel gruppo L&#8217;Or\u00e8al Italia solo la Carita, mentre D\u00e9cleor continuer\u00e0 ad essere commercializzato attraverso l&#8217;attuale distributore.<\/span><\/p>\n","protected":false},"excerpt":{"rendered":"<p>Prosegue la crisi delle vendite per la Elizabeth Arden documentata dai dati presentati a met\u00e0 maggio circa i risultati del terzo trimestre fiscale 2014 ancora in calo&#8230;.<\/p>\n","protected":false},"author":2,"featured_media":562,"comment_status":"closed","ping_status":"open","sticky":false,"template":"","format":"standard","meta":{"footnotes":""},"categories":[19,25],"tags":[],"class_list":["post-561","post","type-post","status-publish","format-standard","has-post-thumbnail","hentry","category-cosmetic-trend","category-news"],"_links":{"self":[{"href":"https:\/\/www.myskinvision.com\/index.php?rest_route=\/wp\/v2\/posts\/561","targetHints":{"allow":["GET"]}}],"collection":[{"href":"https:\/\/www.myskinvision.com\/index.php?rest_route=\/wp\/v2\/posts"}],"about":[{"href":"https:\/\/www.myskinvision.com\/index.php?rest_route=\/wp\/v2\/types\/post"}],"author":[{"embeddable":true,"href":"https:\/\/www.myskinvision.com\/index.php?rest_route=\/wp\/v2\/users\/2"}],"replies":[{"embeddable":true,"href":"https:\/\/www.myskinvision.com\/index.php?rest_route=%2Fwp%2Fv2%2Fcomments&post=561"}],"version-history":[{"count":0,"href":"https:\/\/www.myskinvision.com\/index.php?rest_route=\/wp\/v2\/posts\/561\/revisions"}],"wp:featuredmedia":[{"embeddable":true,"href":"https:\/\/www.myskinvision.com\/index.php?rest_route=\/wp\/v2\/media\/562"}],"wp:attachment":[{"href":"https:\/\/www.myskinvision.com\/index.php?rest_route=%2Fwp%2Fv2%2Fmedia&parent=561"}],"wp:term":[{"taxonomy":"category","embeddable":true,"href":"https:\/\/www.myskinvision.com\/index.php?rest_route=%2Fwp%2Fv2%2Fcategories&post=561"},{"taxonomy":"post_tag","embeddable":true,"href":"https:\/\/www.myskinvision.com\/index.php?rest_route=%2Fwp%2Fv2%2Ftags&post=561"}],"curies":[{"name":"wp","href":"https:\/\/api.w.org\/{rel}","templated":true}]}}